{"id":2319,"date":"2012-12-04T02:16:55","date_gmt":"2012-12-04T02:16:55","guid":{"rendered":"http:\/\/www.miguelitoslittlegreencar.com\/blog\/?p=2319"},"modified":"2013-02-05T21:21:24","modified_gmt":"2013-02-05T21:21:24","slug":"synchronizing-the-shutter-press-with-patrick","status":"publish","type":"post","link":"http:\/\/www.miguelitoslittlegreencar.com\/blog\/synchronizing-the-shutter-press-with-patrick\/","title":{"rendered":"Synchronizing The Shutter Press With Patrick"},"content":{"rendered":"<p><a href=\"http:\/\/www.miguelitoslittlegreencar.com\/blog\/wp-content\/uploads\/2012\/12\/Miguelitos-Little-Green-Car-1918.jpg\"><img loading=\"lazy\" decoding=\"async\" class=\"alignnone  wp-image-2544\" alt=\"Miguelitos Little Green Car-1918\" src=\"http:\/\/www.miguelitoslittlegreencar.com\/blog\/wp-content\/uploads\/2012\/12\/Miguelitos-Little-Green-Car-1918.jpg\" width=\"560\" height=\"374\" srcset=\"http:\/\/www.miguelitoslittlegreencar.com\/blog\/wp-content\/uploads\/2012\/12\/Miguelitos-Little-Green-Car-1918.jpg 700w, http:\/\/www.miguelitoslittlegreencar.com\/blog\/wp-content\/uploads\/2012\/12\/Miguelitos-Little-Green-Car-1918-300x200.jpg 300w\" sizes=\"(max-width: 560px) 100vw, 560px\" \/><\/a><\/p>\n<p><strong>Synchronizing The Shutter Press With Patrick<br \/>\n<\/strong>Featuring Patrick Ar\u00e8s-Pilon<br \/>\nStereographer, Scenographer, Filmmaker &amp; Pataphysicist<br \/>\nDecember 4, 2012<br \/>\nEdmonton, Alberta, Canada<\/p>\n<p>Natif de la belle ville d\u2019Edmonton, Patrick Ar\u00e8s-Pilon aime se promener dans les rues en contemplant la beaut\u00e9 inn\u00e9e du bruit, de la lumi\u00e8re et du mouvement entre les espaces pr\u00e9sent.\u00a0 Amant du film, Patrick s\u2019int\u00e9resse \u00e0 sa pr\u00e9servation, \u00e0 sa d\u00e9sint\u00e9gration et \u00e0 sa projection tout en explorant une esth\u00e9tique synesth\u00e9tique.<\/p>\n[info]Patrick is best able to express his identity and self in French. The lack of English translation here is not accidental.[\/info]\n[info]This photo was taken in Patrick&#8217;s darkroom and creative epicentre.[\/info]\n[info]At the exact moment that this photo was taken, Patrick took a stereographic photo of me taking the photo of him.[\/info]\n","protected":false},"excerpt":{"rendered":"<p>Synchronizing The Shutter Press With Patrick Featuring Patrick Ar\u00e8s-Pilon Stereographer, Scenographer, Filmmaker &amp; Pataphysicist December 4, 2012 Edmonton, Alberta, Canada Natif de la belle ville d\u2019Edmonton, Patrick Ar\u00e8s-Pilon aime se promener dans les rues en contemplant la beaut\u00e9 inn\u00e9e du bruit, de la lumi\u00e8re et du mouvement entre les espaces pr\u00e9sent.\u00a0 Amant du film, Patrick [&hellip;]<\/p>\n","protected":false},"author":1,"featured_media":0,"comment_status":"open","ping_status":"open","sticky":false,"template":"","format":"standard","meta":{"_et_pb_use_builder":"","_et_pb_old_content":"","_et_gb_content_width":"","footnotes":""},"categories":[45,6,62,3],"tags":[],"_links":{"self":[{"href":"http:\/\/www.miguelitoslittlegreencar.com\/blog\/wp-json\/wp\/v2\/posts\/2319"}],"collection":[{"href":"http:\/\/www.miguelitoslittlegreencar.com\/blog\/wp-json\/wp\/v2\/posts"}],"about":[{"href":"http:\/\/www.miguelitoslittlegreencar.com\/blog\/wp-json\/wp\/v2\/types\/post"}],"author":[{"embeddable":true,"href":"http:\/\/www.miguelitoslittlegreencar.com\/blog\/wp-json\/wp\/v2\/users\/1"}],"replies":[{"embeddable":true,"href":"http:\/\/www.miguelitoslittlegreencar.com\/blog\/wp-json\/wp\/v2\/comments?post=2319"}],"version-history":[{"count":7,"href":"http:\/\/www.miguelitoslittlegreencar.com\/blog\/wp-json\/wp\/v2\/posts\/2319\/revisions"}],"predecessor-version":[{"id":2321,"href":"http:\/\/www.miguelitoslittlegreencar.com\/blog\/wp-json\/wp\/v2\/posts\/2319\/revisions\/2321"}],"wp:attachment":[{"href":"http:\/\/www.miguelitoslittlegreencar.com\/blog\/wp-json\/wp\/v2\/media?parent=2319"}],"wp:term":[{"taxonomy":"category","embeddable":true,"href":"http:\/\/www.miguelitoslittlegreencar.com\/blog\/wp-json\/wp\/v2\/categories?post=2319"},{"taxonomy":"post_tag","embeddable":true,"href":"http:\/\/www.miguelitoslittlegreencar.com\/blog\/wp-json\/wp\/v2\/tags?post=2319"}],"curies":[{"name":"wp","href":"https:\/\/api.w.org\/{rel}","templated":true}]}}